{"id":12224,"date":"2026-09-05T09:00:00","date_gmt":"2026-09-05T06:00:00","guid":{"rendered":"https:\/\/blog.inekle.com\/?p=12224"},"modified":"2026-09-02T01:21:42","modified_gmt":"2026-09-01T22:21:42","slug":"cocugum-ders-calismiyor-veli-rehberi","status":"publish","type":"post","link":"https:\/\/blog.inekle.com\/cocugum-ders-calismiyor-veli-rehberi\/","title":{"rendered":"\u00c7ocu\u011fum Ders \u00c7al\u0131\u015fm\u0131yor: Velilere 10 Ad\u0131ml\u0131k Rehber"},"content":{"rendered":"\n<p class=\"wp-block-paragraph\"><strong>Ders \u00e7al\u0131\u015fmayan \u00e7ocuklar\u0131n b\u00fcy\u00fck k\u0131sm\u0131 tembel de\u011fildir; nereden ba\u015flayaca\u011f\u0131n\u0131 bilemedi\u011fi, ba\u015far\u0131s\u0131z olmaktan korktu\u011fu ya da konuyu anlamad\u0131\u011f\u0131 i\u00e7in masaya oturmaz.<\/strong> Bu y\u00fczden &#8220;otur \u00e7al\u0131\u015f&#8221; bask\u0131s\u0131 \u00e7o\u011fu evde i\u015fe yaramaz: sorun istek eksikli\u011fi gibi g\u00f6r\u00fcn\u00fcrken asl\u0131nda bir t\u0131kanma noktas\u0131d\u0131r ve o nokta bulunmadan hi\u00e7bir program tutmaz.<\/p>\n\n\n\n<p class=\"wp-block-paragraph\">\u00d6nce nedeni bulman\u0131n yolunu anlatt\u0131k, sonra evde uygulayabilece\u011finiz 10 ad\u0131m\u0131 s\u0131ralad\u0131k. En sonda da hangi durumda d\u0131\u015far\u0131dan destek alman\u0131n do\u011fru oldu\u011funu yazd\u0131k.<\/p>\n\n\n\n<figure class=\"wp-block-image size-large\"><img src=\"https:\/\/blog.inekle.com\/wp-content\/uploads\/2026\/09\/cocugum-ders-calismiyor-veli-rehberi-1.jpg\" alt=\"Evde \u00e7ocu\u011fuyla konu\u015fan ebeveyn\" class=\"wp-image-12222\" loading=\"lazy\" decoding=\"async\" width=\"1200\" height=\"675\" srcset=\"https:\/\/blog.inekle.com\/wp-content\/uploads\/2026\/09\/cocugum-ders-calismiyor-veli-rehberi-1.jpg 1200w, https:\/\/blog.inekle.com\/wp-content\/uploads\/2026\/09\/cocugum-ders-calismiyor-veli-rehberi-1-300x169.jpg 300w, https:\/\/blog.inekle.com\/wp-content\/uploads\/2026\/09\/cocugum-ders-calismiyor-veli-rehberi-1-1024x576.jpg 1024w, https:\/\/blog.inekle.com\/wp-content\/uploads\/2026\/09\/cocugum-ders-calismiyor-veli-rehberi-1-768x432.jpg 768w\" sizes=\"auto, (max-width: 1200px) 100vw, 1200px\" \/><figcaption class=\"wp-element-caption\">Foto\u011fraf: <a href=\"https:\/\/www.pexels.com\/photo\/photograph-of-a-child-covering-her-ears-while-sitting-on-a-sofa-7447257\/\" rel=\"nofollow noopener\" target=\"_blank\">Gustavo Fring \/ Pexels<\/a><\/figcaption><\/figure>\n\n\n\n<h2 class=\"wp-block-heading\">\u00d6nce te\u015fhis: \u00e7ocuk neden \u00e7al\u0131\u015fm\u0131yor?<\/h2>\n\n\n\n<p class=\"wp-block-paragraph\">&#8220;\u00c7al\u0131\u015fm\u0131yor&#8221; tek bir davran\u0131\u015f gibi g\u00f6r\u00fcn\u00fcr ama arkas\u0131nda birbirinden \u00e7ok farkl\u0131 sebepler vard\u0131r. Yanl\u0131\u015f sebebe \u00e7\u00f6z\u00fcm \u00fcretmek, durumu k\u00f6t\u00fcle\u015ftirir.<\/p>\n\n\n\n<figure class=\"wp-block-table\"><table>\n<thead>\n<tr><th>Belirti<\/th><th>Muhtemel sebep<\/th><th>Yanl\u0131\u015f tepki<\/th><th>Do\u011fru ilk ad\u0131m<\/th><\/tr>\n<\/thead>\n<tbody>\n<tr><td>Masaya oturuyor ama saatlerce ilerlemiyor<\/td><td>Konu eksi\u011fi, anlamad\u0131\u011f\u0131 i\u00e7in t\u0131kan\u0131yor<\/td><td>S\u00fcreyi art\u0131rmak<\/td><td>Hangi konuda tak\u0131ld\u0131\u011f\u0131n\u0131 birlikte tespit etmek<\/td><\/tr>\n<tr><td>S\u0131nav yakla\u015f\u0131nca daha da uzakla\u015f\u0131yor<\/td><td>Ba\u015far\u0131s\u0131zl\u0131k korkusu, kayg\u0131<\/td><td>&#8220;Bu gidi\u015fle kazanamazs\u0131n&#8221; demek<\/td><td>Beklentiyi k\u00fc\u00e7\u00fcltmek, ilk hedefi kolayla\u015ft\u0131rmak<\/td><\/tr>\n<tr><td>S\u00fcrekli telefon\/oyun<\/td><td>Anl\u0131k \u00f6d\u00fcl al\u0131\u015fkanl\u0131\u011f\u0131<\/td><td>Telefonu tamamen almak<\/td><td>Kullan\u0131m saatini birlikte kurala ba\u011flamak<\/td><\/tr>\n<tr><td>&#8220;Zaten olmuyor&#8221; diyor<\/td><td>\u00d6\u011frenilmi\u015f \u00e7aresizlik<\/td><td>Ba\u015fkalar\u0131yla k\u0131yaslamak<\/td><td>K\u00fc\u00e7\u00fck ve \u00f6l\u00e7\u00fclebilir bir ba\u015far\u0131 \u00fcretmek<\/td><\/tr>\n<tr><td>Sadece baz\u0131 derslerden ka\u00e7\u0131yor<\/td><td>O derste birikmi\u015f eksik<\/td><td>T\u00fcm derslere ayn\u0131 program\u0131 yazmak<\/td><td>O tek derse hedefli destek<\/td><\/tr>\n<tr><td>Gece ge\u00e7 yat\u0131yor, g\u00fcnd\u00fcz dalg\u0131n<\/td><td>Uyku d\u00fczeni bozuklu\u011fu<\/td><td>Ders saatini art\u0131rmak<\/td><td>\u00d6nce uyku saatini d\u00fczeltmek<\/td><\/tr>\n<\/tbody>\n<\/table><\/figure>\n\n\n\n<p class=\"wp-block-paragraph\">Te\u015fhis i\u00e7in en i\u015fe yarayan soru &#8220;neden \u00e7al\u0131\u015fm\u0131yorsun?&#8221; de\u011fil; o soru \u00e7ocu\u011fu savunmaya itiyor. Bunun yerine: <em>&#8220;Bug\u00fcn a\u00e7t\u0131\u011f\u0131nda en zor gelen hangisiydi?&#8221;<\/em> Cevap genellikle tek bir dersi ya da tek bir konuyu i\u015faret eder ve sorun oradan \u00e7\u00f6z\u00fclmeye ba\u015flar.<\/p>\n\n\n\n<h2 class=\"wp-block-heading\">Evde i\u015fe yarayan 10 ad\u0131m<\/h2>\n\n\n\n<ol class=\"wp-block-list\">\n\n<li><strong>Konu\u015fmay\u0131 ders d\u0131\u015f\u0131 bir anda yap\u0131n.<\/strong> Masa ba\u015f\u0131nda ve gerginken yap\u0131lan konu\u015fma pazarl\u0131\u011fa d\u00f6n\u00fc\u015f\u00fcr; arabada ya da yemekte yap\u0131lan konu\u015fma i\u015fe yarar.<\/li>\n\n\n<li><strong>Hedefi k\u00fc\u00e7\u00fclt\u00fcn.<\/strong> &#8220;Bu hafta matemati\u011fi bitir&#8221; de\u011fil, &#8220;bug\u00fcn 10 soru&#8221;. Beynin tamamlanma hissine ihtiyac\u0131 var; k\u00fc\u00e7\u00fck hedef bu hissi \u00fcretir.<\/li>\n\n\n<li><strong>Ba\u015flama e\u015fi\u011fini d\u00fc\u015f\u00fcr\u00fcn.<\/strong> En zor i\u015f ba\u015flamakt\u0131r. &#8220;Sadece 10 dakika otur, sonra b\u0131rakabilirsin&#8221; kural\u0131 \u00e7o\u011fu \u00f6\u011frencide 10 dakikay\u0131 40 dakikaya \u00e7evirir.<\/li>\n\n\n<li><strong>\u00c7al\u0131\u015fma yerini sabitleyin.<\/strong> Ayn\u0131 masa, ayn\u0131 \u0131\u015f\u0131k, ayn\u0131 saat. Ortam sabitlendi\u011finde karar verme y\u00fck\u00fc ortadan kalkar.<\/li>\n\n\n<li><strong>Telefonu odadan \u00e7\u0131kar\u0131n, yasaklamay\u0131n.<\/strong> Ayn\u0131 odada sessizde duran telefon bile dikkati b\u00f6ler. Ama tamamen yasak, gizli kullan\u0131ma ve g\u00fcven kayb\u0131na yol a\u00e7ar.<\/li>\n\n\n<li><strong>S\u00fcreyi de\u011fil, i\u015fi \u00f6l\u00e7\u00fcn.<\/strong> &#8220;\u00dc\u00e7 saat oturdu&#8221; bir \u015fey s\u00f6ylemez. &#8220;12 soru \u00e7\u00f6zd\u00fc, 4&#8217;\u00fcn\u00fc yanl\u0131\u015f yapt\u0131, ikisini anlad\u0131&#8221; \u00f6l\u00e7\u00fclebilir bir ilerlemedir.<\/li>\n\n\n<li><strong>Yanl\u0131\u015flar\u0131 birlikte g\u00f6zden ge\u00e7irin.<\/strong> Yanl\u0131\u015f analizi yap\u0131lmayan \u00e7al\u0131\u015fma, ayn\u0131 hatay\u0131 tekrar \u00fcretir. Haftada bir kez 20 dakikal\u0131k yanl\u0131\u015f defteri yeterli.<\/li>\n\n\n<li><strong>K\u0131yaslamay\u0131 kesin.<\/strong> Kuzeniyle, karde\u015fiyle, s\u0131n\u0131f birincisiyle k\u0131yaslama motivasyonu art\u0131rmaz; \u00e7ocu\u011fu &#8220;zaten olmuyor&#8221; noktas\u0131na ta\u015f\u0131r.<\/li>\n\n\n<li><strong>Uyku ve yemek d\u00fczenini \u00f6nceye al\u0131n.<\/strong> Yorgun bir \u00f6\u011frencinin verimi d\u00fc\u015fer; program de\u011fil dinlenme sorunudur. D\u00fczenli uyku, eklenecek her ek \u00e7al\u0131\u015fma saatinden daha fazla net getirir.<\/li>\n\n\n<li><strong>Haftada bir 15 dakikal\u0131k de\u011ferlendirme yap\u0131n.<\/strong> Ne iyi gitti, ne gitmedi, gelecek hafta neyi de\u011fi\u015ftirece\u011fiz? Tek bir \u015fey se\u00e7in, fazlas\u0131 zaten uygulanm\u0131yor.<\/li>\n\n<\/ol>\n\n\n\n<figure class=\"wp-block-image size-large\"><img src=\"https:\/\/blog.inekle.com\/wp-content\/uploads\/2026\/09\/cocugum-ders-calismiyor-veli-rehberi-2.jpg\" alt=\"Masas\u0131nda kitaplar\u0131yla \u00e7al\u0131\u015fan gen\u00e7 \u00f6\u011frenci\" class=\"wp-image-12223\" loading=\"lazy\" decoding=\"async\" width=\"1200\" height=\"675\" srcset=\"https:\/\/blog.inekle.com\/wp-content\/uploads\/2026\/09\/cocugum-ders-calismiyor-veli-rehberi-2.jpg 1200w, https:\/\/blog.inekle.com\/wp-content\/uploads\/2026\/09\/cocugum-ders-calismiyor-veli-rehberi-2-300x169.jpg 300w, https:\/\/blog.inekle.com\/wp-content\/uploads\/2026\/09\/cocugum-ders-calismiyor-veli-rehberi-2-1024x576.jpg 1024w, https:\/\/blog.inekle.com\/wp-content\/uploads\/2026\/09\/cocugum-ders-calismiyor-veli-rehberi-2-768x432.jpg 768w\" sizes=\"auto, (max-width: 1200px) 100vw, 1200px\" \/><figcaption class=\"wp-element-caption\">Foto\u011fraf: <a href=\"https:\/\/www.pexels.com\/photo\/young-man-in-beige-hoodie-reading-and-studying-at-home-6958538\/\" rel=\"nofollow noopener\" target=\"_blank\">https:\/\/kaboompics.com\/ \/ Pexels<\/a><\/figcaption><\/figure>\n\n\n\n<h2 class=\"wp-block-heading\">Ya\u015fa g\u00f6re yakla\u015f\u0131m de\u011fi\u015fir<\/h2>\n\n\n\n<h3 class=\"wp-block-heading\">\u0130lkokul (7-10 ya\u015f)<\/h3>\n\n\n\n<p class=\"wp-block-paragraph\">Bu ya\u015fta hedef akademik ba\u015far\u0131 de\u011fil, al\u0131\u015fkanl\u0131k. G\u00fcnde 20-30 dakikal\u0131k sabit bir rutin, iki saatlik d\u00fczensiz \u00e7al\u0131\u015fmadan k\u0131ymetlidir. Ebeveynin yan\u0131nda olmas\u0131 normaldir; \u00f6devi yapmak de\u011fil, yan\u0131nda oturmak.<\/p>\n\n\n\n<h3 class=\"wp-block-heading\">Ortaokul (11-14 ya\u015f)<\/h3>\n\n\n\n<p class=\"wp-block-paragraph\">Sorumluluk devri d\u00f6nemi. Plan\u0131 \u00e7ocu\u011fun kendisinin yazmas\u0131, ebeveynin yaln\u0131zca haftal\u0131k kontrol etmesi gerekir. LGS haz\u0131rl\u0131\u011f\u0131 8. s\u0131n\u0131fta yo\u011funla\u015fsa da al\u0131\u015fkanl\u0131k 6-7. s\u0131n\u0131fta kurulur; o y\u0131llarda kurulmayan d\u00fczen 8. s\u0131n\u0131fta panikle telafi edilmeye \u00e7al\u0131\u015f\u0131l\u0131r.<\/p>\n\n\n\n<h3 class=\"wp-block-heading\">Lise (15-18 ya\u015f)<\/h3>\n\n\n\n<p class=\"wp-block-paragraph\">Bu ya\u015fta do\u011frudan m\u00fcdahale ters teper. Ebeveynin rol\u00fc denet\u00e7ilikten kaynak sa\u011flay\u0131c\u0131l\u0131\u011f\u0131na d\u00f6ner: do\u011fru \u00f6\u011fretmen, do\u011fru materyal, sessiz ortam, sakin ev. Hedefi \u00e7ocu\u011fun kendisi sahiplenmiyorsa hi\u00e7bir program y\u00fcr\u00fcmez.<\/p>\n\n\n\n<h2 class=\"wp-block-heading\">Yap\u0131lmamas\u0131 gerekenler<\/h2>\n\n\n\n<ul class=\"wp-block-list\">\n\n<li><strong>Ceza olarak sosyal hayat\u0131 kesmek.<\/strong> Arkada\u015f g\u00f6r\u00fc\u015fmesi kesilen \u00f6\u011frencide motivasyon de\u011fil, \u00f6fke birikir.<\/li>\n\n\n<li><strong>A\u015f\u0131r\u0131 program yazmak.<\/strong> Sabah 8&#8217;den gece 12&#8217;ye dolu bir \u00e7izelge ilk hafta bozulur ve &#8220;yine tutturamad\u0131m&#8221; duygusu b\u0131rak\u0131r.<\/li>\n\n\n<li><strong>Not \u00fczerinden kimlik kurmak.<\/strong> &#8220;Sen zaten matematik\u00e7i de\u011filsin&#8221; c\u00fcmlesi y\u0131llarca ta\u015f\u0131n\u0131r.<\/li>\n\n\n<li><strong>Her g\u00fcn &#8220;\u00e7al\u0131\u015ft\u0131n m\u0131?&#8221; diye sormak.<\/strong> Bu soru bir s\u00fcre sonra ili\u015fkinin tek konusu h\u00e2line gelir ve \u00e7al\u0131\u015fmay\u0131 ebeveynin i\u015fi gibi g\u00f6sterir.<\/li>\n\n\n<li><strong>Kendi s\u0131nav deneyimini dayatmak.<\/strong> S\u0131nav sistemi de, \u00f6\u011frenme kaynaklar\u0131 da de\u011fi\u015fti; 20 y\u0131l \u00f6nce i\u015fe yarayan y\u00f6ntem bug\u00fcn\u00fcn soru tipine uymuyor.<\/li>\n\n<\/ul>\n\n\n\n<h2 class=\"wp-block-heading\">Ne zaman d\u0131\u015far\u0131dan destek almal\u0131?<\/h2>\n\n\n\n<p class=\"wp-block-paragraph\">\u015eu belirtilerden ikisi bir arada varsa, evde \u00e7\u00f6zmeye \u00e7al\u0131\u015fmak s\u00fcreci uzat\u0131r:<\/p>\n\n\n\n<ul class=\"wp-block-list\">\n\n<li>Belirli bir derste iki d\u00f6nemdir d\u00fc\u015f\u00fc\u015f var ve konu eksi\u011fi birikmi\u015f durumda.<\/li>\n\n\n<li>\u00c7ocuk \u00e7al\u0131\u015f\u0131yor ama netleri artm\u0131yor, yani y\u00f6ntem sorunu var.<\/li>\n\n\n<li>Ders konusu her konu\u015fmada tart\u0131\u015fmaya d\u00f6n\u00fcyor; ebeveyn-\u00e7ocuk ili\u015fkisi zarar g\u00f6r\u00fcyor.<\/li>\n\n\n<li>S\u0131nav kayg\u0131s\u0131 fiziksel belirti veriyor (uyku bozuklu\u011fu, mide \u015fik\u00e2yetleri, a\u011flama n\u00f6betleri).<\/li>\n\n<\/ul>\n\n\n\n<p class=\"wp-block-paragraph\">\u0130lk \u00fc\u00e7 madde i\u00e7in birebir ders deste\u011fi do\u011fru ad\u0131md\u0131r: eksik konu tespiti bir \u00f6\u011fretmenin 2-3 derste yapabilece\u011fi bir i\u015ftir ve ebeveyni denet\u00e7i rol\u00fcnden \u00e7\u0131kar\u0131r. D\u00f6rd\u00fcnc\u00fc madde i\u00e7in \u00f6nce okul rehberlik servisiyle g\u00f6r\u00fc\u015fmek gerekir.<\/p>\n\n\n\n<p class=\"wp-block-paragraph\">\u00c7al\u0131\u015fma program\u0131 kurmakta zorlanan lise \u00f6\u011frencileri i\u00e7in <a href=\"https:\/\/blog.inekle.com\/2027-tyt-calisma-programi\/\">2027 TYT \u00e7al\u0131\u015fma program\u0131<\/a>, 8. s\u0131n\u0131flar i\u00e7in <a href=\"https:\/\/blog.inekle.com\/lgs-matematik-netleri-nasil-artirilir\/\">LGS matematik netlerini art\u0131rma rehberi<\/a> \u00f6rnek haftal\u0131k da\u011f\u0131l\u0131mlar i\u00e7eriyor. Y\u0131l boyunca tatil ve s\u0131nav d\u00f6nemlerini planlamak i\u00e7in <a href=\"https:\/\/blog.inekle.com\/2026-2027-egitim-ogretim-takvimi\/\">2026-2027 e\u011fitim \u00f6\u011fretim takvimine<\/a> g\u00f6z atabilirsiniz.<\/p>\n\n\n\n<h2 class=\"wp-block-heading\">S\u0131k sorulan sorular<\/h2>\n\n\n\n<h3 class=\"wp-block-heading\">\u00c7ocu\u011fum ders \u00e7al\u0131\u015fm\u0131yor, ceza vermeli miyim?<\/h3>\n\n\n\n<p class=\"wp-block-paragraph\">Ceza k\u0131sa vadede oturtabilir ama \u00e7al\u0131\u015fmay\u0131 d\u0131\u015far\u0131dan zorlanan bir y\u00fck h\u00e2line getirir. Daha etkili yol, hedefi k\u00fc\u00e7\u00fcltmek ve ba\u015flama e\u015fi\u011fini d\u00fc\u015f\u00fcrmektir: &#8220;10 dakika otur, sonra b\u0131rakabilirsin&#8221; kural\u0131 \u00e7o\u011fu \u00f6\u011frencide cezadan daha iyi sonu\u00e7 verir. Ceza yerine sonu\u00e7 odakl\u0131 s\u0131n\u0131r koyun: \u00f6dev bittikten sonra oyun, \u00f6ncesinde de\u011fil.<\/p>\n\n\n\n<h3 class=\"wp-block-heading\">\u00c7al\u0131\u015f\u0131yor ama netleri artm\u0131yor, sebebi ne olabilir?<\/h3>\n\n\n\n<p class=\"wp-block-paragraph\">Bu genellikle y\u00f6ntem sorunudur: konu tekrar\u0131 yap\u0131l\u0131yor ama soru \u00e7\u00f6z\u00fclm\u00fcyor, ya da soru \u00e7\u00f6z\u00fcl\u00fcyor ama yanl\u0131\u015f analizi yap\u0131lm\u0131yor. \u00c7\u00f6z\u00fclen her testin yanl\u0131\u015flar\u0131n\u0131 sebebiyle birlikte not eden bir yanl\u0131\u015f defteri, ek \u00e7al\u0131\u015fma saatinden daha h\u0131zl\u0131 net getirir.<\/p>\n\n\n\n<h3 class=\"wp-block-heading\">Telefonu tamamen almak do\u011fru mu?<\/h3>\n\n\n\n<p class=\"wp-block-paragraph\">Tamamen almak gizli kullan\u0131ma ve g\u00fcven kayb\u0131na yol a\u00e7\u0131yor. Etkili y\u00f6ntem, \u00e7al\u0131\u015fma saatlerinde telefonun ba\u015fka bir odada olmas\u0131 ve kullan\u0131m s\u00fcresinin \u00e7ocukla birlikte belirlenmi\u015f bir kurala ba\u011flanmas\u0131d\u0131r.<\/p>\n\n\n\n<h3 class=\"wp-block-heading\">\u00d6zel ders ne zaman gerekli olur?<\/h3>\n\n\n\n<p class=\"wp-block-paragraph\">Belirli bir derste konu eksi\u011fi birikmi\u015fse, \u00f6\u011frenci \u00e7al\u0131\u015fmas\u0131na ra\u011fmen ilerlemiyorsa ya da ders konusu evde s\u00fcrekli tart\u0131\u015fmaya d\u00f6n\u00fc\u015f\u00fcyorsa birebir destek do\u011fru ad\u0131md\u0131r. Birebir derste eksik konular tespit edilir ve \u00f6\u011frencinin h\u0131z\u0131na uygun bir plan kurulur.<\/p>\n\n\n\n<h3 class=\"wp-block-heading\">G\u00fcnde ka\u00e7 saat ders \u00e7al\u0131\u015fmal\u0131?<\/h3>\n\n\n\n<p class=\"wp-block-paragraph\">Ya\u015fa ve d\u00f6neme g\u00f6re de\u011fi\u015fir: ilkokulda 20-30 dakikal\u0131k d\u00fczenli bir rutin, ortaokulda 1-2 saat, s\u0131nava haz\u0131rlanan lise \u00f6\u011frencilerinde okul d\u0131\u015f\u0131nda 3-4 saat makul bir aral\u0131kt\u0131r. Ancak s\u00fcre tek ba\u015f\u0131na \u00f6l\u00e7\u00fc de\u011fildir; ka\u00e7 soru \u00e7\u00f6z\u00fcld\u00fc\u011f\u00fc ve ka\u00e7 yanl\u0131\u015f\u0131n analiz edildi\u011fi daha anlaml\u0131 bir g\u00f6stergedir.<\/p>\n\n\n\n<h2 class=\"wp-block-heading\">Son s\u00f6z<\/h2>\n\n\n\n<p class=\"wp-block-paragraph\">Ders \u00e7al\u0131\u015fmayan \u00e7ocukta ilk de\u011fi\u015ftirilmesi gereken \u015fey program de\u011fil, t\u0131kanma noktas\u0131. Do\u011fru soruyla te\u015fhis edin, k\u00fc\u00e7\u00fck bir hedefle ba\u015flay\u0131n, ilerlemeyi \u00f6l\u00e7erek devam edin. \u00c7o\u011fu evde bu \u00fc\u00e7l\u00fc i\u015fe yar\u0131yor. Eksik konu birikmi\u015fse birebir destek en h\u0131zl\u0131 \u00e7\u00f6z\u00fcm oluyor.<\/p>\n\n\n\n<p class=\"wp-block-paragraph\"><a href=\"https:\/\/inekle.com\/\">inekle<\/a>&#8216;de alan\u0131nda uzman \u00f6\u011fretmenlerle online \u00f6zel ders alarak \u00e7ocu\u011funuzun eksik konular\u0131n\u0131 tespit ettirebilir, kendi h\u0131z\u0131na uygun bir \u00e7al\u0131\u015fma plan\u0131 kurabilirsiniz.<\/p>\n","protected":false},"excerpt":{"rendered":"<p>Ders \u00e7al\u0131\u015fmayan \u00e7ocuk \u00e7o\u011fu zaman tembel de\u011fil, t\u0131kanm\u0131\u015ft\u0131r. Nedeni do\u011fru te\u015fhis etmenin yolu, i\u015fe yarayan 10 ad\u0131m ve ne zaman destek al\u0131nmas\u0131 gerekti\u011fi.<\/p>\n","protected":false},"author":1,"featured_media":12222,"comment_status":"open","ping_status":"closed","sticky":false,"template":"","format":"standard","meta":{"_inekle_views":0,"footnotes":""},"categories":[3,88],"tags":[8675,2770,8673,8676,1053,2506,8674,2709],"class_list":["post-12224","post","type-post","status-publish","format-standard","has-post-thumbnail","hentry","category-tavsiyeler","category-veliler-icin","tag-calisma-aliskanligi","tag-ders-calisma","tag-ders-calismayan-cocuk","tag-ekran-suresi","tag-motivasyon","tag-sinav-kaygisi","tag-veli-rehberi","tag-veliler-icin"],"_links":{"self":[{"href":"https:\/\/blog.inekle.com\/wp-json\/wp\/v2\/posts\/12224","targetHints":{"allow":["GET"]}}],"collection":[{"href":"https:\/\/blog.inekle.com\/wp-json\/wp\/v2\/posts"}],"about":[{"href":"https:\/\/blog.inekle.com\/wp-json\/wp\/v2\/types\/post"}],"author":[{"embeddable":true,"href":"https:\/\/blog.inekle.com\/wp-json\/wp\/v2\/users\/1"}],"replies":[{"embeddable":true,"href":"https:\/\/blog.inekle.com\/wp-json\/wp\/v2\/comments?post=12224"}],"version-history":[{"count":2,"href":"https:\/\/blog.inekle.com\/wp-json\/wp\/v2\/posts\/12224\/revisions"}],"predecessor-version":[{"id":12259,"href":"https:\/\/blog.inekle.com\/wp-json\/wp\/v2\/posts\/12224\/revisions\/12259"}],"wp:featuredmedia":[{"embeddable":true,"href":"https:\/\/blog.inekle.com\/wp-json\/wp\/v2\/media\/12222"}],"wp:attachment":[{"href":"https:\/\/blog.inekle.com\/wp-json\/wp\/v2\/media?parent=12224"}],"wp:term":[{"taxonomy":"category","embeddable":true,"href":"https:\/\/blog.inekle.com\/wp-json\/wp\/v2\/categories?post=12224"},{"taxonomy":"post_tag","embeddable":true,"href":"https:\/\/blog.inekle.com\/wp-json\/wp\/v2\/tags?post=12224"}],"curies":[{"name":"wp","href":"https:\/\/api.w.org\/{rel}","templated":true}]}}