{"id":12220,"date":"2026-09-02T00:28:31","date_gmt":"2026-09-01T21:28:31","guid":{"rendered":"https:\/\/blog.inekle.com\/?p=12220"},"modified":"2026-09-02T01:21:40","modified_gmt":"2026-09-01T22:21:40","slug":"2026-2027-egitim-ogretim-takvimi","status":"publish","type":"post","link":"https:\/\/blog.inekle.com\/2026-2027-egitim-ogretim-takvimi\/","title":{"rendered":"2026-2027 E\u011fitim \u00d6\u011fretim Takvimi: Okullar Ne Zaman A\u00e7\u0131l\u0131yor?"},"content":{"rendered":"\n<p class=\"wp-block-paragraph\"><strong>2026-2027 e\u011fitim \u00f6\u011fretim y\u0131l\u0131 14 Eyl\u00fcl 2026 Pazartesi g\u00fcn\u00fc ba\u015fl\u0131yor.<\/strong> Birinci ara tatil 16-20 Kas\u0131m 2026, yar\u0131y\u0131l tatili 25 Ocak-5 \u015eubat 2027, ikinci ara tatil 8-12 Mart 2027 tarihlerinde. Ders y\u0131l\u0131 25 Haziran 2027 Cuma g\u00fcn\u00fc sona eriyor. Tarihlerin tamam\u0131 Mill\u00ee E\u011fitim Bakanl\u0131\u011f\u0131&#8217;n\u0131n a\u00e7\u0131klad\u0131\u011f\u0131 <a href=\"https:\/\/meb.gov.tr\/2026-2027-egitim-ogretim-yili-takvimi-aciklandi\/haber\/41057\/tr\" rel=\"nofollow noopener\" target=\"_blank\">2026-2027 \u00e7al\u0131\u015fma takvimine<\/a> dayan\u0131yor.<\/p>\n\n\n\n<p class=\"wp-block-paragraph\">A\u015fa\u011f\u0131da takvimin tamam\u0131 tek tabloda. Sonras\u0131nda her tatilin ka\u00e7 g\u00fcn s\u00fcrd\u00fc\u011f\u00fcn\u00fc, hangi resm\u00ee tatillerin uzun hafta sonu yapt\u0131\u011f\u0131n\u0131 ve bu y\u0131l\u0131n en can al\u0131c\u0131 ayr\u0131nt\u0131s\u0131n\u0131 anlatt\u0131k: ikinci ara tatil Ramazan Bayram\u0131&#8217;yla birle\u015fiyor ve dokuz g\u00fcne \u00e7\u0131k\u0131yor.<\/p>\n\n\n\n<figure class=\"wp-block-image size-large\"><img src=\"https:\/\/blog.inekle.com\/wp-content\/uploads\/2026\/09\/2026-2027-egitim-ogretim-takvimi-1.jpg\" alt=\"Okul koridorunda s\u0131rt \u00e7antalar\u0131yla y\u00fcr\u00fcyen \u00f6\u011frenciler\" class=\"wp-image-12217\" loading=\"lazy\" decoding=\"async\" width=\"1200\" height=\"675\" srcset=\"https:\/\/blog.inekle.com\/wp-content\/uploads\/2026\/09\/2026-2027-egitim-ogretim-takvimi-1.jpg 1200w, https:\/\/blog.inekle.com\/wp-content\/uploads\/2026\/09\/2026-2027-egitim-ogretim-takvimi-1-300x169.jpg 300w, https:\/\/blog.inekle.com\/wp-content\/uploads\/2026\/09\/2026-2027-egitim-ogretim-takvimi-1-1024x576.jpg 1024w, https:\/\/blog.inekle.com\/wp-content\/uploads\/2026\/09\/2026-2027-egitim-ogretim-takvimi-1-768x432.jpg 768w\" sizes=\"auto, (max-width: 1200px) 100vw, 1200px\" \/><figcaption class=\"wp-element-caption\">Foto\u011fraf: <a href=\"https:\/\/www.pexels.com\/photo\/back-view-shot-of-students-walking-on-a-hallway-while-having-a-conversation-8456146\/\" rel=\"nofollow noopener\" target=\"_blank\">Norma Mortenson \/ Pexels<\/a><\/figcaption><\/figure>\n\n\n\n<h2 class=\"wp-block-heading\">2026-2027 e\u011fitim \u00f6\u011fretim takvimi: t\u00fcm tarihler<\/h2>\n\n\n\n<figure class=\"wp-block-table\"><table>\n<thead>\n<tr><th>D\u00f6nem \/ tatil<\/th><th>Ba\u015flang\u0131\u00e7<\/th><th>Biti\u015f<\/th><th>S\u00fcre<\/th><\/tr>\n<\/thead>\n<tbody>\n<tr><td>\u00d6\u011fretmenlerin mesleki \u00e7al\u0131\u015fmalar\u0131<\/td><td>1 Eyl\u00fcl 2026 Sal\u0131<\/td><td>11 Eyl\u00fcl 2026 Cuma<\/td><td>2 hafta<\/td><\/tr>\n<tr><td>Uyum e\u011fitimi (okul \u00f6ncesi ve 1. s\u0131n\u0131f)<\/td><td>7 Eyl\u00fcl 2026 Pazartesi<\/td><td>11 Eyl\u00fcl 2026 Cuma<\/td><td>1 hafta<\/td><\/tr>\n<tr><td><strong>Birinci d\u00f6nem<\/strong><\/td><td><strong>14 Eyl\u00fcl 2026 Pazartesi<\/strong><\/td><td>22 Ocak 2027 Cuma<\/td><td>19 hafta<\/td><\/tr>\n<tr><td>Birinci ara tatil<\/td><td>16 Kas\u0131m 2026 Pazartesi<\/td><td>20 Kas\u0131m 2026 Cuma<\/td><td>9 g\u00fcn (hafta sonlar\u0131yla)<\/td><\/tr>\n<tr><td>Yar\u0131y\u0131l (s\u00f6mestr) tatili<\/td><td>25 Ocak 2027 Pazartesi<\/td><td>5 \u015eubat 2027 Cuma<\/td><td>16 g\u00fcn (hafta sonlar\u0131yla)<\/td><\/tr>\n<tr><td><strong>\u0130kinci d\u00f6nem<\/strong><\/td><td><strong>8 \u015eubat 2027 Pazartesi<\/strong><\/td><td>25 Haziran 2027 Cuma<\/td><td>20 hafta<\/td><\/tr>\n<tr><td>\u0130kinci ara tatil<\/td><td>8 Mart 2027 Pazartesi<\/td><td>12 Mart 2027 Cuma<\/td><td>9 g\u00fcn (bayramla birlikte)<\/td><\/tr>\n<tr><td>Ders y\u0131l\u0131n\u0131n sonu \/ karne<\/td><td colspan=\"2\">25 Haziran 2027 Cuma<\/td><td>1 g\u00fcn<\/td><\/tr>\n<\/tbody>\n<\/table><\/figure>\n\n\n\n<h2 class=\"wp-block-heading\">Okullar ne zaman a\u00e7\u0131l\u0131yor?<\/h2>\n\n\n\n<p class=\"wp-block-paragraph\">\u0130lk ders zili <strong>14 Eyl\u00fcl 2026 Pazartesi<\/strong> g\u00fcn\u00fc \u00e7al\u0131yor. Bu tarih t\u00fcm kademeler i\u00e7in ge\u00e7erli: ilkokul, ortaokul, lise ve imam hatip okullar\u0131nda birinci d\u00f6nem ayn\u0131 g\u00fcn ba\u015fl\u0131yor.<\/p>\n\n\n\n<p class=\"wp-block-paragraph\">Okul \u00f6ncesi ve ilkokul 1. s\u0131n\u0131f \u00f6\u011frencileri i\u00e7in <strong>7-11 Eyl\u00fcl 2026<\/strong> tarihleri aras\u0131nda uyum e\u011fitimi yap\u0131l\u0131yor. Yani ilk kez okula ba\u015flayan \u00e7ocuklar, kalabal\u0131k a\u00e7\u0131l\u0131\u015f g\u00fcn\u00fcnden bir hafta \u00f6nce s\u0131n\u0131flar\u0131n\u0131 ve \u00f6\u011fretmenlerini tan\u0131yor. \u00d6\u011fretmenlerin mesleki \u00e7al\u0131\u015fmalar\u0131 ise 1 Eyl\u00fcl 2026 Sal\u0131 g\u00fcn\u00fc ba\u015fl\u0131yor.<\/p>\n\n\n\n<h2 class=\"wp-block-heading\">Ara tatiller ne zaman?<\/h2>\n\n\n\n<h3 class=\"wp-block-heading\">Birinci ara tatil: 16-20 Kas\u0131m 2026<\/h3>\n\n\n\n<p class=\"wp-block-paragraph\">Kas\u0131m ara tatili 16 Kas\u0131m Pazartesi ba\u015fl\u0131yor, 20 Kas\u0131m Cuma bitiyor. \u00d6ncesindeki ve sonras\u0131ndaki hafta sonlar\u0131yla birlikte 14 Kas\u0131m Cumartesi&#8217;den 22 Kas\u0131m Pazar&#8217;a kadar <strong>dokuz g\u00fcnl\u00fck<\/strong> bir ara olu\u015fuyor.<\/p>\n\n\n\n<p class=\"wp-block-paragraph\">Bu tatil, birinci d\u00f6nemin tam ortas\u0131na denk geldi\u011fi i\u00e7in s\u0131nav d\u00f6nemi \u00f6ncesi eksik konular\u0131 kapatman\u0131n en iyi f\u0131rsat\u0131. \u00d6zellikle 8. s\u0131n\u0131f ve 12. s\u0131n\u0131f \u00f6\u011frencileri i\u00e7in kay\u0131p konular\u0131n telafisinde kritik bir pencere.<\/p>\n\n\n\n<h3 class=\"wp-block-heading\">\u0130kinci ara tatil: 8-12 Mart 2027 (bu y\u0131l\u0131n en uzun aras\u0131)<\/h3>\n\n\n\n<p class=\"wp-block-paragraph\">\u0130kinci d\u00f6nem ara tatili 8 Mart Pazartesi ba\u015flay\u0131p 12 Mart Cuma sona eriyor. Bu y\u0131l\u0131n \u00f6zel durumu \u015fu: <strong>Ramazan Bayram\u0131 da 9-11 Mart 2027 tarihlerinde, tam bu tatilin i\u00e7ine d\u00fc\u015f\u00fcyor.<\/strong> Arife g\u00fcn\u00fc 8 Mart Pazartesi. Yani hafta sonlar\u0131yla birlikte 6 Mart Cumartesi&#8217;den 14 Mart Pazar&#8217;a kadar dokuz g\u00fcn kesintisiz tatil oluyor ve bu s\u00fcrenin b\u00fcy\u00fck k\u0131sm\u0131 bayram ziyaretleriyle ge\u00e7iyor.<\/p>\n\n\n\n<p class=\"wp-block-paragraph\">S\u0131nava haz\u0131rlanan \u00f6\u011frenciler i\u00e7in bunun anlam\u0131 a\u00e7\u0131k: mart ara tatilini &#8220;ders telafi haftas\u0131&#8221; olarak planlamak ger\u00e7ek\u00e7i de\u011fil. Telafiyi kas\u0131m tatiline ve yar\u0131y\u0131l tatiline yaymak daha sa\u011fl\u0131kl\u0131 bir plan.<\/p>\n\n\n\n<figure class=\"wp-block-image size-large\"><img src=\"https:\/\/blog.inekle.com\/wp-content\/uploads\/2026\/09\/2026-2027-egitim-ogretim-takvimi-2.jpg\" alt=\"Masada takvim ve planlama defteri\" class=\"wp-image-12218\" loading=\"lazy\" decoding=\"async\" width=\"1200\" height=\"675\" srcset=\"https:\/\/blog.inekle.com\/wp-content\/uploads\/2026\/09\/2026-2027-egitim-ogretim-takvimi-2.jpg 1200w, https:\/\/blog.inekle.com\/wp-content\/uploads\/2026\/09\/2026-2027-egitim-ogretim-takvimi-2-300x169.jpg 300w, https:\/\/blog.inekle.com\/wp-content\/uploads\/2026\/09\/2026-2027-egitim-ogretim-takvimi-2-1024x576.jpg 1024w, https:\/\/blog.inekle.com\/wp-content\/uploads\/2026\/09\/2026-2027-egitim-ogretim-takvimi-2-768x432.jpg 768w\" sizes=\"auto, (max-width: 1200px) 100vw, 1200px\" \/><figcaption class=\"wp-element-caption\">Foto\u011fraf: <a href=\"https:\/\/www.pexels.com\/photo\/photo-of-planner-and-writing-materials-760720\/\" rel=\"nofollow noopener\" target=\"_blank\">Bich Tran \/ Pexels<\/a><\/figcaption><\/figure>\n\n\n\n<h2 class=\"wp-block-heading\">Yar\u0131y\u0131l tatili ve karne g\u00fcn\u00fc<\/h2>\n\n\n\n<p class=\"wp-block-paragraph\">Birinci d\u00f6nem 22 Ocak 2027 Cuma g\u00fcn\u00fc sona eriyor; karneler bu g\u00fcn veriliyor. Yar\u0131y\u0131l tatili 25 Ocak 2027 Pazartesi ba\u015fl\u0131yor ve 5 \u015eubat 2027 Cuma g\u00fcn\u00fc bitiyor. \u0130kinci d\u00f6nem 8 \u015eubat 2027 Pazartesi a\u00e7\u0131l\u0131yor.<\/p>\n\n\n\n<p class=\"wp-block-paragraph\">Karne g\u00fcn\u00fcnden ikinci d\u00f6nemin ilk g\u00fcn\u00fcne kadar ge\u00e7en s\u00fcre <strong>16 g\u00fcn<\/strong>. Bu, y\u0131l\u0131n en uzun kesintisi ve s\u0131nava haz\u0131rlanan \u00f6\u011frenciler i\u00e7in en de\u011ferli \u00e7al\u0131\u015fma blo\u011fu: iki hafta boyunca okul y\u00fck\u00fc olmadan, birinci d\u00f6nemin tamam\u0131n\u0131 tekrar edip deneme \u00e7\u00f6zme rutinini oturtmak m\u00fcmk\u00fcn.<\/p>\n\n\n\n<h2 class=\"wp-block-heading\">Resm\u00ee tatiller ve uzun hafta sonlar\u0131<\/h2>\n\n\n\n<figure class=\"wp-block-table\"><table>\n<thead>\n<tr><th>Tatil<\/th><th>Tarih<\/th><th>G\u00fcn<\/th><th>Not<\/th><\/tr>\n<\/thead>\n<tbody>\n<tr><td>Cumhuriyet Bayram\u0131<\/td><td>28-29 Ekim 2026<\/td><td>\u00c7ar\u015famba \u00f6\u011fleden sonra &#8211; Per\u015fembe<\/td><td>Cuma izin al\u0131n\u0131rsa 4 g\u00fcn<\/td><\/tr>\n<tr><td>Y\u0131lba\u015f\u0131<\/td><td>1 Ocak 2027<\/td><td>Cuma<\/td><td>3 g\u00fcnl\u00fck hafta sonu<\/td><\/tr>\n<tr><td>Ramazan Bayram\u0131<\/td><td>9-11 Mart 2027<\/td><td>Sal\u0131 &#8211; Per\u015fembe<\/td><td>Ara tatille birle\u015fiyor<\/td><\/tr>\n<tr><td>Ulusal Egemenlik ve \u00c7ocuk Bayram\u0131<\/td><td>23 Nisan 2027<\/td><td>Cuma<\/td><td>3 g\u00fcnl\u00fck hafta sonu<\/td><\/tr>\n<tr><td>Emek ve Dayan\u0131\u015fma G\u00fcn\u00fc<\/td><td>1 May\u0131s 2027<\/td><td>Cumartesi<\/td><td>Hafta sonuna denk geliyor<\/td><\/tr>\n<tr><td>Kurban Bayram\u0131<\/td><td>16-19 May\u0131s 2027<\/td><td>Pazar &#8211; \u00c7ar\u015famba<\/td><td>15 May\u0131s arife<\/td><\/tr>\n<tr><td>Atat\u00fcrk&#8217;\u00fc Anma, Gen\u00e7lik ve Spor Bayram\u0131<\/td><td>19 May\u0131s 2027<\/td><td>\u00c7ar\u015famba<\/td><td>Kurban Bayram\u0131&#8217;n\u0131n son g\u00fcn\u00fc<\/td><\/tr>\n<\/tbody>\n<\/table><\/figure>\n\n\n\n<p class=\"wp-block-paragraph\">May\u0131s 2027&#8217;nin ortas\u0131 dikkat \u00e7ekici: 15 May\u0131s Cumartesi arifeden 19 May\u0131s \u00c7ar\u015famba&#8217;ya kadar be\u015f g\u00fcn kesintisiz tatil var ve 19 May\u0131s, Kurban Bayram\u0131&#8217;n\u0131n d\u00f6rd\u00fcnc\u00fc g\u00fcn\u00fcne denk geliyor. Per\u015fembe-Cuma izin alan ailelerde bu s\u00fcre dokuz g\u00fcne \u00e7\u0131k\u0131yor. S\u0131nav takvimi a\u00e7\u0131s\u0131ndan bak\u0131nca buras\u0131 LGS ve YKS&#8217;den yakla\u015f\u0131k bir ay \u00f6nceki son b\u00fcy\u00fck kesinti. Son tekrar plan\u0131n\u0131 buna g\u00f6re kurmakta fayda var.<\/p>\n\n\n\n<h2 class=\"wp-block-heading\">LGS ve YKS 2027 tarihleri ne zaman a\u00e7\u0131klanacak?<\/h2>\n\n\n\n<p class=\"wp-block-paragraph\">Bu yaz\u0131n\u0131n yay\u0131mland\u0131\u011f\u0131 tarih itibar\u0131yla <strong>2027 LGS ve 2027 YKS tarihleri hen\u00fcz resm\u00ee olarak a\u00e7\u0131klanmad\u0131.<\/strong> Ge\u00e7mi\u015f y\u0131llar\u0131n d\u00fczenine bakarak beklenen tablo \u015fu:<\/p>\n\n\n\n<figure class=\"wp-block-table\"><table>\n<thead>\n<tr><th>S\u0131nav<\/th><th>Beklenen tarih<\/th><th>Durum<\/th><\/tr>\n<\/thead>\n<tbody>\n<tr><td>LGS kapsam\u0131ndaki merkez\u00ee s\u0131nav<\/td><td>Haziran 2027&#8217;nin ikinci haftas\u0131<\/td><td>MEB a\u00e7\u0131klamas\u0131 bekleniyor<\/td><\/tr>\n<tr><td>TYT<\/td><td>Haziran 2027&#8217;nin \u00fc\u00e7\u00fcnc\u00fc hafta sonu<\/td><td>\u00d6SYM takvimi bekleniyor<\/td><\/tr>\n<tr><td>AYT ve YDT<\/td><td>TYT&#8217;nin ertesi g\u00fcn\u00fc<\/td><td>\u00d6SYM takvimi bekleniyor<\/td><\/tr>\n<\/tbody>\n<\/table><\/figure>\n\n\n\n<p class=\"wp-block-paragraph\">Kar\u015f\u0131la\u015ft\u0131rma i\u00e7in: 2026 LGS 13 Haziran 2026 Cumartesi g\u00fcn\u00fc yap\u0131lm\u0131\u015ft\u0131. \u00d6SYM genellikle s\u0131nav takvimini bir \u00f6nceki y\u0131l\u0131n sonbahar\u0131nda, MEB ise LGS tarihini k\u0131\u015f aylar\u0131nda duyuruyor. Kesinle\u015fen tarihleri <a href=\"https:\/\/blog.inekle.com\/sinav-takvimi-lgs-yks-tarihleri\/\">LGS ve YKS s\u0131nav takvimi sayfam\u0131zdan<\/a> takip edebilirsiniz; a\u00e7\u0131kland\u0131\u011f\u0131 g\u00fcn g\u00fcncelliyoruz.<\/p>\n\n\n\n<figure class=\"wp-block-image size-large\"><img src=\"https:\/\/blog.inekle.com\/wp-content\/uploads\/2026\/09\/2026-2027-egitim-ogretim-takvimi-3.jpg\" alt=\"Ders \u00e7al\u0131\u015fan ve not tutan \u00f6\u011frenci\" class=\"wp-image-12219\" loading=\"lazy\" decoding=\"async\" width=\"1200\" height=\"675\" srcset=\"https:\/\/blog.inekle.com\/wp-content\/uploads\/2026\/09\/2026-2027-egitim-ogretim-takvimi-3.jpg 1200w, https:\/\/blog.inekle.com\/wp-content\/uploads\/2026\/09\/2026-2027-egitim-ogretim-takvimi-3-300x169.jpg 300w, https:\/\/blog.inekle.com\/wp-content\/uploads\/2026\/09\/2026-2027-egitim-ogretim-takvimi-3-1024x576.jpg 1024w, https:\/\/blog.inekle.com\/wp-content\/uploads\/2026\/09\/2026-2027-egitim-ogretim-takvimi-3-768x432.jpg 768w\" sizes=\"auto, (max-width: 1200px) 100vw, 1200px\" \/><figcaption class=\"wp-element-caption\">Foto\u011fraf: <a href=\"https:\/\/www.pexels.com\/photo\/close-up-of-hands-249360\/\" rel=\"nofollow noopener\" target=\"_blank\">Louis Bauer \/ Pexels<\/a><\/figcaption><\/figure>\n\n\n\n<h2 class=\"wp-block-heading\">Takvimi \u00e7al\u0131\u015fma plan\u0131na \u00e7evirmenin 5 yolu<\/h2>\n\n\n\n<ol class=\"wp-block-list\">\n\n<li><strong>D\u00f6nemi haftaya b\u00f6l\u00fcn.<\/strong> Birinci d\u00f6nem 19, ikinci d\u00f6nem 20 hafta. Hedefinizi &#8220;y\u0131l i\u00e7inde&#8221; de\u011fil &#8220;ka\u00e7 hafta i\u00e7inde&#8221; diye yazd\u0131\u011f\u0131n\u0131zda plan somutla\u015f\u0131r.<\/li>\n\n\n<li><strong>Kas\u0131m tatilini telafiye, yar\u0131y\u0131l\u0131 tekrara ay\u0131r\u0131n.<\/strong> Kas\u0131mda eksik konular kapan\u0131r, ocak-\u015fubattaki 16 g\u00fcnl\u00fck blokta birinci d\u00f6nemin tamam\u0131 tekrar edilir.<\/li>\n\n\n<li><strong>Mart tatilini dinlenme olarak planlay\u0131n.<\/strong> Ramazan Bayram\u0131&#8217;yla birle\u015fti\u011fi i\u00e7in verimli \u00e7al\u0131\u015fma beklentisi ger\u00e7ek\u00e7i de\u011fil; k\u00fc\u00e7\u00fck bir g\u00fcnl\u00fck rutin (soru \u00e7\u00f6z\u00fcm\u00fc) yeterli.<\/li>\n\n\n<li><strong>Uzun hafta sonlar\u0131n\u0131 deneme g\u00fcn\u00fc yap\u0131n.<\/strong> 29 Ekim, 23 Nisan ve may\u0131s bayram haftas\u0131, ger\u00e7ek s\u0131nav saatinde tam deneme \u00e7\u00f6zmek i\u00e7in ideal.<\/li>\n\n\n<li><strong>S\u0131navdan geriye do\u011fru say\u0131n.<\/strong> Haziran 2027&#8217;yi hedef al\u0131p may\u0131s sonunu son tekrar, nisan\u0131 deneme yo\u011funlu\u011fu, mart sonunu konu bitirme s\u0131n\u0131r\u0131 olarak i\u015faretleyin.<\/li>\n\n<\/ol>\n\n\n\n<p class=\"wp-block-paragraph\">Bu plan\u0131 kendi ba\u015f\u0131na kurmakta zorlanan \u00f6\u011frenciler i\u00e7in <a href=\"https:\/\/blog.inekle.com\/2027-tyt-calisma-programi\/\">2027 TYT \u00e7al\u0131\u015fma program\u0131<\/a> ve <a href=\"https:\/\/blog.inekle.com\/2027-yks-hazirlik-rehberi-calisma-stratejileri\/\">2027 YKS haz\u0131rl\u0131k rehberi<\/a> yaz\u0131lar\u0131m\u0131z haftal\u0131k \u00f6rnek da\u011f\u0131l\u0131mlar i\u00e7eriyor. 8. s\u0131n\u0131f \u00f6\u011frencileri <a href=\"https:\/\/blog.inekle.com\/lgs-matematik-netleri-nasil-artirilir\/\">LGS matematik netlerini art\u0131rma rehberine<\/a> g\u00f6z atabilir.<\/p>\n\n\n\n<h2 class=\"wp-block-heading\">S\u0131k sorulan sorular<\/h2>\n\n\n\n<h3 class=\"wp-block-heading\">Okullar 2026&#8217;da ne zaman a\u00e7\u0131l\u0131yor?<\/h3>\n\n\n\n<p class=\"wp-block-paragraph\">Okullar 14 Eyl\u00fcl 2026 Pazartesi g\u00fcn\u00fc a\u00e7\u0131l\u0131yor. Okul \u00f6ncesi ve 1. s\u0131n\u0131f \u00f6\u011frencileri i\u00e7in uyum e\u011fitimi 7-11 Eyl\u00fcl 2026 tarihleri aras\u0131nda yap\u0131l\u0131yor.<\/p>\n\n\n\n<h3 class=\"wp-block-heading\">2026-2027 ara tatiller ne zaman?<\/h3>\n\n\n\n<p class=\"wp-block-paragraph\">Birinci ara tatil 16-20 Kas\u0131m 2026, ikinci ara tatil 8-12 Mart 2027 tarihlerinde. Her iki tatil de pazartesi ba\u015flay\u0131p cuma bitiyor; hafta sonlar\u0131yla birlikte dokuzar g\u00fcnl\u00fck ara olu\u015fuyor.<\/p>\n\n\n\n<h3 class=\"wp-block-heading\">Yar\u0131y\u0131l tatili ne zaman ba\u015fl\u0131yor?<\/h3>\n\n\n\n<p class=\"wp-block-paragraph\">Yar\u0131y\u0131l tatili 25 Ocak 2027 Pazartesi ba\u015fl\u0131yor, 5 \u015eubat 2027 Cuma bitiyor. Karneler 22 Ocak 2027 Cuma g\u00fcn\u00fc veriliyor, ikinci d\u00f6nem 8 \u015eubat 2027 Pazartesi ba\u015fl\u0131yor.<\/p>\n\n\n\n<h3 class=\"wp-block-heading\">Okullar ne zaman kapan\u0131yor?<\/h3>\n\n\n\n<p class=\"wp-block-paragraph\">2026-2027 e\u011fitim \u00f6\u011fretim y\u0131l\u0131 25 Haziran 2027 Cuma g\u00fcn\u00fc sona eriyor. Yaz tatili bu tarihten itibaren ba\u015fl\u0131yor.<\/p>\n\n\n\n<h3 class=\"wp-block-heading\">2027 LGS ve YKS ne zaman yap\u0131lacak?<\/h3>\n\n\n\n<p class=\"wp-block-paragraph\">Her iki s\u0131nav\u0131n da tarihi hen\u00fcz a\u00e7\u0131klanmad\u0131. Ge\u00e7mi\u015f y\u0131llar\u0131n d\u00fczenine g\u00f6re LGS&#8217;nin haziran ay\u0131n\u0131n ikinci haftas\u0131nda, YKS&#8217;nin ise haziran ortas\u0131nda bir hafta sonunda yap\u0131lmas\u0131 bekleniyor. Kesin tarihler MEB ve \u00d6SYM taraf\u0131ndan duyurulacak.<\/p>\n\n\n\n<h3 class=\"wp-block-heading\">Ramazan Bayram\u0131 tatili okul tatiliyle birle\u015fiyor mu?<\/h3>\n\n\n\n<p class=\"wp-block-paragraph\">Evet. Ramazan Bayram\u0131 9-11 Mart 2027 tarihlerinde ve ikinci ara tatil olan 8-12 Mart 2027 aral\u0131\u011f\u0131n\u0131n tam i\u00e7inde kal\u0131yor. Bu nedenle mart ay\u0131nda \u00f6\u011frenciler i\u00e7in dokuz g\u00fcnl\u00fck kesintisiz bir tatil olu\u015fuyor.<\/p>\n\n\n\n<h2 class=\"wp-block-heading\">Son bir not<\/h2>\n\n\n\n<p class=\"wp-block-paragraph\">Takvim, plan\u0131n iskeleti; as\u0131l fark ilk haftalarda kurulan rutinde ortaya \u00e7\u0131k\u0131yor. Eyl\u00fclde oturmayan bir \u00e7al\u0131\u015fma d\u00fczeni, kas\u0131m tatiline kadar telafi edilmesi zor bir a\u00e7\u0131k b\u0131rak\u0131yor. \u00c7ocu\u011funuzun hangi derste deste\u011fe ihtiyac\u0131 oldu\u011funu erken fark ederseniz, y\u0131l\u0131n geri kalan\u0131 \u00e7ok daha rahat ge\u00e7iyor.<\/p>\n\n\n\n<p class=\"wp-block-paragraph\"><a href=\"https:\/\/inekle.com\/\">inekle<\/a> \u00fczerinden alan\u0131nda uzman \u00f6\u011fretmenlerle birebir online \u00f6zel ders alarak eksik konular\u0131 d\u00f6nem ba\u015f\u0131nda kapatabilir, \u00e7ocu\u011funuzun kendi h\u0131z\u0131na uygun bir program kurabilirsiniz.<\/p>\n","protected":false},"excerpt":{"rendered":"<p>2026-2027 e\u011fitim \u00f6\u011fretim y\u0131l\u0131 14 Eyl\u00fcl 2026 Pazartesi ba\u015fl\u0131yor. Ara tatiller, yar\u0131y\u0131l tatili, karne g\u00fcn\u00fc, resm\u00ee tatiller ve beklenen LGS-YKS tarihleri tek tabloda.<\/p>\n","protected":false},"author":1,"featured_media":12217,"comment_status":"open","ping_status":"closed","sticky":false,"template":"","format":"standard","meta":{"_inekle_views":4,"footnotes":""},"categories":[799,88],"tags":[8668,3082,8671,6334,8669,8672,8670,2709,692,6307],"class_list":["post-12220","post","type-post","status-publish","format-standard","has-post-thumbnail","hentry","category-duyuru-2","category-veliler-icin","tag-2026-2027-egitim-ogretim-yili","tag-ara-tatil","tag-karne-tarihi","tag-lgs-2027","tag-meb-calisma-takvimi","tag-okul-takvimi","tag-okullar-ne-zaman-aciliyor","tag-veliler-icin","tag-yariyil-tatili","tag-yks-2027"],"_links":{"self":[{"href":"https:\/\/blog.inekle.com\/wp-json\/wp\/v2\/posts\/12220","targetHints":{"allow":["GET"]}}],"collection":[{"href":"https:\/\/blog.inekle.com\/wp-json\/wp\/v2\/posts"}],"about":[{"href":"https:\/\/blog.inekle.com\/wp-json\/wp\/v2\/types\/post"}],"author":[{"embeddable":true,"href":"https:\/\/blog.inekle.com\/wp-json\/wp\/v2\/users\/1"}],"replies":[{"embeddable":true,"href":"https:\/\/blog.inekle.com\/wp-json\/wp\/v2\/comments?post=12220"}],"version-history":[{"count":2,"href":"https:\/\/blog.inekle.com\/wp-json\/wp\/v2\/posts\/12220\/revisions"}],"predecessor-version":[{"id":12258,"href":"https:\/\/blog.inekle.com\/wp-json\/wp\/v2\/posts\/12220\/revisions\/12258"}],"wp:featuredmedia":[{"embeddable":true,"href":"https:\/\/blog.inekle.com\/wp-json\/wp\/v2\/media\/12217"}],"wp:attachment":[{"href":"https:\/\/blog.inekle.com\/wp-json\/wp\/v2\/media?parent=12220"}],"wp:term":[{"taxonomy":"category","embeddable":true,"href":"https:\/\/blog.inekle.com\/wp-json\/wp\/v2\/categories?post=12220"},{"taxonomy":"post_tag","embeddable":true,"href":"https:\/\/blog.inekle.com\/wp-json\/wp\/v2\/tags?post=12220"}],"curies":[{"name":"wp","href":"https:\/\/api.w.org\/{rel}","templated":true}]}}